{"id":93,"date":"2011-10-06T13:31:52","date_gmt":"2011-10-06T15:31:52","guid":{"rendered":"http:\/\/www.circulobellasartes.org.uy\/site\/?p=93"},"modified":"2012-10-06T13:33:39","modified_gmt":"2012-10-06T15:33:39","slug":"encuentros-con-el-mtro-jorge-damiani","status":"publish","type":"post","link":"https:\/\/www.circulobellasartes.org.uy\/site\/encuentros-con-el-mtro-jorge-damiani\/","title":{"rendered":"Encuentros con el Mtro. Jorge Damiani"},"content":{"rendered":"<p><a href=\"\/site\/wp-content\/uploads\/2011\/09\/daminai.png\"><img decoding=\"async\" class=\" wp-image-128 alignleft\" title=\"Jorge Damiani\" src=\"\/site\/wp-content\/uploads\/2011\/09\/daminai.png\" alt=\"Taller de Jorde Damiani\" \/><\/a> Este gran referente del arte nacional, compartir\u00e1 ideas, an\u00e9cdotas y vivencias de su rica e intensa trayectoria, con participaci\u00f3n de los asistentes.<\/p>\n<p>Horario: Todos los Lunes de 18.00 a 20.00 hrs.<\/p>\n<p>Inscripciones abiertas<\/p>\n<p>&nbsp;<\/p>\n<p>&nbsp;<\/p>\n<p>&nbsp;<\/p>\n<p>&nbsp;<\/p>\n<p>&nbsp;<\/p>\n","protected":false},"excerpt":{"rendered":"<p>Este gran referente del arte nacional, compartir\u00e1 ideas, an\u00e9cdotas y vivencias de su rica e intensa trayectoria, con participaci\u00f3n de los asistentes. Horario: Todos los Lunes de 18.00 a 20.00 hrs. Inscripciones abiertas &nbsp; &nbsp; &nbsp; &nbsp; &nbsp;<\/p>\n","protected":false},"author":2,"featured_media":0,"comment_status":"closed","ping_status":"closed","sticky":false,"template":"","format":"standard","meta":{"_jetpack_memberships_contains_paid_content":false,"footnotes":""},"categories":[1],"tags":[],"class_list":["post-93","post","type-post","status-publish","format-standard","hentry","category-general"],"jetpack_featured_media_url":"","jetpack_sharing_enabled":true,"_links":{"self":[{"href":"https:\/\/www.circulobellasartes.org.uy\/site\/wp-json\/wp\/v2\/posts\/93","targetHints":{"allow":["GET"]}}],"collection":[{"href":"https:\/\/www.circulobellasartes.org.uy\/site\/wp-json\/wp\/v2\/posts"}],"about":[{"href":"https:\/\/www.circulobellasartes.org.uy\/site\/wp-json\/wp\/v2\/types\/post"}],"author":[{"embeddable":true,"href":"https:\/\/www.circulobellasartes.org.uy\/site\/wp-json\/wp\/v2\/users\/2"}],"replies":[{"embeddable":true,"href":"https:\/\/www.circulobellasartes.org.uy\/site\/wp-json\/wp\/v2\/comments?post=93"}],"version-history":[{"count":4,"href":"https:\/\/www.circulobellasartes.org.uy\/site\/wp-json\/wp\/v2\/posts\/93\/revisions"}],"predecessor-version":[{"id":97,"href":"https:\/\/www.circulobellasartes.org.uy\/site\/wp-json\/wp\/v2\/posts\/93\/revisions\/97"}],"wp:attachment":[{"href":"https:\/\/www.circulobellasartes.org.uy\/site\/wp-json\/wp\/v2\/media?parent=93"}],"wp:term":[{"taxonomy":"category","embeddable":true,"href":"https:\/\/www.circulobellasartes.org.uy\/site\/wp-json\/wp\/v2\/categories?post=93"},{"taxonomy":"post_tag","embeddable":true,"href":"https:\/\/www.circulobellasartes.org.uy\/site\/wp-json\/wp\/v2\/tags?post=93"}],"curies":[{"name":"wp","href":"https:\/\/api.w.org\/{rel}","templated":true}]}}