{"id":91,"date":"2011-11-10T22:30:07","date_gmt":"2011-11-11T00:30:07","guid":{"rendered":"http:\/\/www.circulobellasartes.org.uy\/site\/?p=91"},"modified":"2012-10-06T13:29:23","modified_gmt":"2012-10-06T15:29:23","slug":"la-fundacion-del-circulo-de-bellas-artes","status":"publish","type":"post","link":"https:\/\/www.circulobellasartes.org.uy\/site\/la-fundacion-del-circulo-de-bellas-artes\/","title":{"rendered":"La fundaci\u00f3n del C\u00edrculo de Bellas Artes"},"content":{"rendered":"<p style=\"text-align: justify;\"><strong><a href=\"\/site\/wp-content\/uploads\/2011\/09\/foto.jpg\"><img decoding=\"async\" class=\"alignleft  wp-image-134\" title=\"Inicio del Circulo de Bellas Artes\" src=\"\/site\/wp-content\/uploads\/2011\/09\/foto.jpg\" alt=\"\" \/><\/a>Los inicios<\/strong><br \/>\nLa fundaci\u00f3n del C\u00edrculo Fomento de Bellas Artes se debi\u00f3 a la iniciativa de un grupo de universitarios que aspiraban incrementar la cultura art\u00edstica nacional, divulgando las ense\u00f1anzas que pod\u00edan impartir en nuestro medio los becados que hab\u00edan integrado las colonias art\u00edsticas uruguayas en academias de Bellas Artes de Florencia, Roma y Madrid.<\/p>\n<p style=\"text-align: justify;\">La posterior Ley de becas de 1907, inspirada por la preocupaci\u00f3n del Gobierno de cooperar a la formaci\u00f3n art\u00edstica, junto con el C\u00edrculo de Bellas Artes, aquel bajo la direcci\u00f3n de Carlos Ma. Herrera, son los veh\u00edculos que imprimen un nuevo impulso al desarrollo del arte en el pa\u00eds.<\/p>\n<p style=\"text-align: justify;\"><strong>Fuente<\/strong>:<br \/>\nPresencia del Arte Pl\u00e1stico en el Uruguay de Walther E. Laroche<br \/>\nApartado de la Obra Pl\u00e1sticos Uruguayos, Publicaci\u00f3n Oficial de la Biblioteca del Poder Legislativo A\u00f1o 1975, Montevideo.<\/p>\n","protected":false},"excerpt":{"rendered":"<p>Los inicios La fundaci\u00f3n del C\u00edrculo Fomento de Bellas Artes se debi\u00f3 a la iniciativa de un grupo de universitarios que aspiraban incrementar la cultura art\u00edstica nacional, divulgando las ense\u00f1anzas que pod\u00edan impartir en nuestro medio los becados que hab\u00edan integrado las colonias art\u00edsticas uruguayas en academias de Bellas Artes de Florencia, Roma y Madrid. [&hellip;]<\/p>\n","protected":false},"author":2,"featured_media":0,"comment_status":"closed","ping_status":"closed","sticky":false,"template":"","format":"standard","meta":{"_jetpack_memberships_contains_paid_content":false,"footnotes":""},"categories":[1],"tags":[],"class_list":["post-91","post","type-post","status-publish","format-standard","hentry","category-general"],"jetpack_featured_media_url":"","jetpack_sharing_enabled":true,"_links":{"self":[{"href":"https:\/\/www.circulobellasartes.org.uy\/site\/wp-json\/wp\/v2\/posts\/91","targetHints":{"allow":["GET"]}}],"collection":[{"href":"https:\/\/www.circulobellasartes.org.uy\/site\/wp-json\/wp\/v2\/posts"}],"about":[{"href":"https:\/\/www.circulobellasartes.org.uy\/site\/wp-json\/wp\/v2\/types\/post"}],"author":[{"embeddable":true,"href":"https:\/\/www.circulobellasartes.org.uy\/site\/wp-json\/wp\/v2\/users\/2"}],"replies":[{"embeddable":true,"href":"https:\/\/www.circulobellasartes.org.uy\/site\/wp-json\/wp\/v2\/comments?post=91"}],"version-history":[{"count":1,"href":"https:\/\/www.circulobellasartes.org.uy\/site\/wp-json\/wp\/v2\/posts\/91\/revisions"}],"predecessor-version":[{"id":92,"href":"https:\/\/www.circulobellasartes.org.uy\/site\/wp-json\/wp\/v2\/posts\/91\/revisions\/92"}],"wp:attachment":[{"href":"https:\/\/www.circulobellasartes.org.uy\/site\/wp-json\/wp\/v2\/media?parent=91"}],"wp:term":[{"taxonomy":"category","embeddable":true,"href":"https:\/\/www.circulobellasartes.org.uy\/site\/wp-json\/wp\/v2\/categories?post=91"},{"taxonomy":"post_tag","embeddable":true,"href":"https:\/\/www.circulobellasartes.org.uy\/site\/wp-json\/wp\/v2\/tags?post=91"}],"curies":[{"name":"wp","href":"https:\/\/api.w.org\/{rel}","templated":true}]}}