{"id":893,"date":"2019-09-26T09:31:40","date_gmt":"2019-09-26T11:31:40","guid":{"rendered":"http:\/\/www.circulobellasartes.org.uy\/site\/?p=893"},"modified":"2019-09-26T09:31:40","modified_gmt":"2019-09-26T11:31:40","slug":"concierto-de-clave-autores-portugueses-s-xvii-alvaro-cabrera-barriola-clave","status":"publish","type":"post","link":"https:\/\/www.circulobellasartes.org.uy\/site\/concierto-de-clave-autores-portugueses-s-xvii-alvaro-cabrera-barriola-clave\/","title":{"rendered":"Concierto de Clave, autores portugueses S.XVII &#8211; \u00c1lvaro Cabrera Barriola, clave"},"content":{"rendered":"<p><img loading=\"lazy\" decoding=\"async\" class=\"aligncenter  wp-image-894\" src=\"http:\/\/www.circulobellasartes.org.uy\/site\/wp-content\/uploads\/2019\/09\/IMG-20190917-WA0001-1.jpg\" alt=\"\" width=\"450\" height=\"636\" srcset=\"https:\/\/www.circulobellasartes.org.uy\/site\/wp-content\/uploads\/2019\/09\/IMG-20190917-WA0001-1.jpg 595w, https:\/\/www.circulobellasartes.org.uy\/site\/wp-content\/uploads\/2019\/09\/IMG-20190917-WA0001-1-212x300.jpg 212w\" sizes=\"auto, (max-width: 450px) 100vw, 450px\" \/><\/p>\n<p><strong>Breve rese\u00f1a<\/strong><\/p>\n<p><span style=\"font-weight: 400\">El Festival Internacional de la Cultura 6 Continentes es una iniciativa del m\u00fasico portugu\u00e9s Filipe Larsen, quien realiz\u00f3 la primera edici\u00f3n en diciembre de 2014 con m\u00e1s de 100 eventos de casi todas las modalidades culturales en 70 ciudades del mundo en forma simult\u00e1nea.<\/span><br style=\"font-weight: 400\" \/><br style=\"font-weight: 400\" \/><span style=\"font-weight: 400\">La presente edici\u00f3n es especialmente importante para Montevideo ya que nuestra ciudad qued\u00f3 seleccionada para participar de este acontecimiento internacional.<\/span><br style=\"font-weight: 400\" \/><span style=\"font-weight: 400\"><br \/>\nEl espect\u00e1culo tendr\u00e1 una duraci\u00f3n aproximada de 60 minutos y tendr\u00e1 lugar en la sede del C\u00edrculo de Bellas Artes de Montevideo, Tabar\u00e9 2416, Punta Carretas, Montevideo.<\/span><br style=\"font-weight: 400\" \/><span style=\"font-weight: 400\"><br \/>\nEntrada libre<\/span><\/p>\n<p><strong>M\u00e1s informaci\u00f3n<\/strong><\/p>\n<p>El Festival Internacional de la Cultura 6 Continentes es una iniciativa del m\u00fasico portugu\u00e9s Filipe Larsen, quien realiz\u00f3 la primera edici\u00f3n en diciembre de 2014 con m\u00e1s de 100 eventos de casi todas las modalidades culturales en 70 ciudades del mundo en forma simult\u00e1nea. La finalidad del Festival es, en principio, la de promover mundialmente la difusi\u00f3n de las culturas de lengua espa\u00f1ola y portuguesa; dar a conocer los talentos art\u00edsticos famosos o emergentes; y promover la participaci\u00f3n de todas las \u00e1reas de la cultura: la m\u00fasica, la danza, el cine, el teatro, la poes\u00eda, la presentaci\u00f3n de libros, exposiciones de pintura, escultura, fotograf\u00eda, caricaturas, artesan\u00eda, gastronom\u00eda, moda, actividades de solidaridad social y talleres de cualquier tipo. Por este motivo el evento se denomina \u201c6 Continentes\u201d ya que se concibe a la cultura como el sexto continente en el que habita el ser humano a lo largo y a lo ancho del planeta. Este a\u00f1o, el Festival se realizar\u00e1 simult\u00e1neamente en m\u00e1s de 100 ciudades en decenas de pa\u00edses de todos los continentes los d\u00edas 27, 28 y 29 de setiembre.<\/p>\n<p>La presente edici\u00f3n es especialmente importante para Montevideo ya que nuestra ciudad qued\u00f3 seleccionada para participar de este acontecimiento internacional. La gesti\u00f3n fue realizada por el Lic. Prof. Alvaro Cabrera Barriola con la sede mundial de la Organizaci\u00f3n del Festival localizada en la ciudad de Lisboa, Portugal. Se trata de un Recital comentado acerca de la m\u00fasica ib\u00e9rica para tecla con especial \u00e9nfasis en la obra de Carlos Seixas, el m\u00e1s famoso de los clavecinistas portugueses. Se abordar\u00e1n tambi\u00e9n obras de Antonio Soler y Dom\u00e9nico Scarlatti; este \u00faltimo vivi\u00f3 muchos a\u00f1os en Lisboa y Madrid y actuar\u00eda como un puente entre la m\u00fasica italiana y la de la Pen\u00ednsula Ib\u00e9rica.<\/p>\n<p>El espect\u00e1culo tendr\u00e1 una duraci\u00f3n aproximada de 60 minutos . El Recital tendr\u00e1 lugar en la sede del C\u00edrculo de Bellas Artes de Montevideo, Tabar\u00e9 2416, 11300 Montevideo<\/p>\n","protected":false},"excerpt":{"rendered":"<p>Breve rese\u00f1a El Festival Internacional de la Cultura 6 Continentes es una iniciativa del m\u00fasico portugu\u00e9s Filipe Larsen, quien realiz\u00f3 la primera edici\u00f3n en diciembre de 2014 con m\u00e1s de 100 eventos de casi todas las modalidades culturales en 70 ciudades del mundo en forma simult\u00e1nea.La presente edici\u00f3n es especialmente importante para Montevideo ya que [&hellip;]<\/p>\n","protected":false},"author":3,"featured_media":0,"comment_status":"closed","ping_status":"closed","sticky":false,"template":"","format":"standard","meta":{"_jetpack_memberships_contains_paid_content":false,"footnotes":""},"categories":[8,1],"tags":[],"class_list":["post-893","post","type-post","status-publish","format-standard","hentry","category-charlas","category-general"],"jetpack_featured_media_url":"","jetpack_sharing_enabled":true,"_links":{"self":[{"href":"https:\/\/www.circulobellasartes.org.uy\/site\/wp-json\/wp\/v2\/posts\/893","targetHints":{"allow":["GET"]}}],"collection":[{"href":"https:\/\/www.circulobellasartes.org.uy\/site\/wp-json\/wp\/v2\/posts"}],"about":[{"href":"https:\/\/www.circulobellasartes.org.uy\/site\/wp-json\/wp\/v2\/types\/post"}],"author":[{"embeddable":true,"href":"https:\/\/www.circulobellasartes.org.uy\/site\/wp-json\/wp\/v2\/users\/3"}],"replies":[{"embeddable":true,"href":"https:\/\/www.circulobellasartes.org.uy\/site\/wp-json\/wp\/v2\/comments?post=893"}],"version-history":[{"count":8,"href":"https:\/\/www.circulobellasartes.org.uy\/site\/wp-json\/wp\/v2\/posts\/893\/revisions"}],"predecessor-version":[{"id":902,"href":"https:\/\/www.circulobellasartes.org.uy\/site\/wp-json\/wp\/v2\/posts\/893\/revisions\/902"}],"wp:attachment":[{"href":"https:\/\/www.circulobellasartes.org.uy\/site\/wp-json\/wp\/v2\/media?parent=893"}],"wp:term":[{"taxonomy":"category","embeddable":true,"href":"https:\/\/www.circulobellasartes.org.uy\/site\/wp-json\/wp\/v2\/categories?post=893"},{"taxonomy":"post_tag","embeddable":true,"href":"https:\/\/www.circulobellasartes.org.uy\/site\/wp-json\/wp\/v2\/tags?post=893"}],"curies":[{"name":"wp","href":"https:\/\/api.w.org\/{rel}","templated":true}]}}