{"id":87,"date":"2011-09-10T22:00:14","date_gmt":"2011-09-11T00:00:14","guid":{"rendered":"http:\/\/www.circulobellasartes.org.uy\/site\/?p=87"},"modified":"2012-10-06T13:24:29","modified_gmt":"2012-10-06T15:24:29","slug":"el-comienzo","status":"publish","type":"post","link":"https:\/\/www.circulobellasartes.org.uy\/site\/el-comienzo\/","title":{"rendered":"El comienzo"},"content":{"rendered":"<p style=\"text-align: justify;\"><a href=\"\/site\/wp-content\/uploads\/2011\/09\/cmh.jpg\"><img decoding=\"async\" class=\"alignleft  wp-image-148\" title=\"Carlos Maria Herrera\" src=\"\/site\/wp-content\/uploads\/2011\/09\/cmh-211x300.jpg\" alt=\"Carlos Maria Herrera\" \/><\/a>El C\u00edrculo Fomento de Bellas Artes, naci\u00f3 a la vida art\u00edstica del pa\u00eds, como se dijo anteriormente, por la iniciativa privada. Es justo decir que la figura m\u00e1s importante en estos comienzos fue el pintor Carlos Alberto Castellanos, que en su domicilio particular realiz\u00f3 las reuniones previas entre mayo y julio de 1905.<\/p>\n<p style=\"text-align: justify;\">Aprobados los estatutos de la novel instituci\u00f3n el 30 de setiembre de 1905, \u00e9sta se hizo realidad con la primera lecci\u00f3n dictada el 20 de octubre de ese a\u00f1o, en la planta alta del local que ocupaba el C\u00edrculo de Armas, en la calle Cerrito de esta ciudad.<\/p>\n<p style=\"text-align: justify;\">Carlos Mar\u00eda Herrera fue nombrado director de ense\u00f1anza y junto con Vicente Puig configuran las dos corrientes t\u00e9cnicas en las que fueron perfeccionados los disc\u00edpulos del C\u00edrculo.<\/p>\n<p><strong>Fuente<\/strong>:<br \/>\nPresencia del Arte Pl\u00e1stico en el Uruguay de Walther E. Laroche<br \/>\nApartado de la Obra Pl\u00e1sticos Uruguayos, Publicaci\u00f3n Oficial de la Biblioteca del Poder Legislativo A\u00f1o 1975, Montevideo<\/p>\n<p>&nbsp;<\/p>\n","protected":false},"excerpt":{"rendered":"<p>El C\u00edrculo Fomento de Bellas Artes, naci\u00f3 a la vida art\u00edstica del pa\u00eds, como se dijo anteriormente, por la iniciativa privada. Es justo decir que la figura m\u00e1s importante en estos comienzos fue el pintor Carlos Alberto Castellanos, que en su domicilio particular realiz\u00f3 las reuniones previas entre mayo y julio de 1905. Aprobados los [&hellip;]<\/p>\n","protected":false},"author":2,"featured_media":0,"comment_status":"closed","ping_status":"closed","sticky":false,"template":"","format":"standard","meta":{"_jetpack_memberships_contains_paid_content":false,"footnotes":""},"categories":[1],"tags":[],"class_list":["post-87","post","type-post","status-publish","format-standard","hentry","category-general"],"jetpack_featured_media_url":"","jetpack_sharing_enabled":true,"_links":{"self":[{"href":"https:\/\/www.circulobellasartes.org.uy\/site\/wp-json\/wp\/v2\/posts\/87","targetHints":{"allow":["GET"]}}],"collection":[{"href":"https:\/\/www.circulobellasartes.org.uy\/site\/wp-json\/wp\/v2\/posts"}],"about":[{"href":"https:\/\/www.circulobellasartes.org.uy\/site\/wp-json\/wp\/v2\/types\/post"}],"author":[{"embeddable":true,"href":"https:\/\/www.circulobellasartes.org.uy\/site\/wp-json\/wp\/v2\/users\/2"}],"replies":[{"embeddable":true,"href":"https:\/\/www.circulobellasartes.org.uy\/site\/wp-json\/wp\/v2\/comments?post=87"}],"version-history":[{"count":1,"href":"https:\/\/www.circulobellasartes.org.uy\/site\/wp-json\/wp\/v2\/posts\/87\/revisions"}],"predecessor-version":[{"id":88,"href":"https:\/\/www.circulobellasartes.org.uy\/site\/wp-json\/wp\/v2\/posts\/87\/revisions\/88"}],"wp:attachment":[{"href":"https:\/\/www.circulobellasartes.org.uy\/site\/wp-json\/wp\/v2\/media?parent=87"}],"wp:term":[{"taxonomy":"category","embeddable":true,"href":"https:\/\/www.circulobellasartes.org.uy\/site\/wp-json\/wp\/v2\/categories?post=87"},{"taxonomy":"post_tag","embeddable":true,"href":"https:\/\/www.circulobellasartes.org.uy\/site\/wp-json\/wp\/v2\/tags?post=87"}],"curies":[{"name":"wp","href":"https:\/\/api.w.org\/{rel}","templated":true}]}}