{"id":85,"date":"2011-09-16T13:20:09","date_gmt":"2011-09-16T15:20:09","guid":{"rendered":"http:\/\/www.circulobellasartes.org.uy\/site\/?p=85"},"modified":"2012-10-06T13:22:17","modified_gmt":"2012-10-06T15:22:17","slug":"los-primeros-salones-de-exposiciones-en-uruguay","status":"publish","type":"post","link":"https:\/\/www.circulobellasartes.org.uy\/site\/los-primeros-salones-de-exposiciones-en-uruguay\/","title":{"rendered":"Los primeros salones de exposiciones en Uruguay"},"content":{"rendered":"<p style=\"text-align: justify;\"><a href=\"\/site\/wp-content\/uploads\/2011\/09\/reunion1907.jpg\"><img decoding=\"async\" class=\"alignleft  wp-image-212\" title=\"reunion1907\" src=\"\/site\/wp-content\/uploads\/2011\/09\/reunion1907-300x200.jpg\" alt=\"Reunion 1907\" \/><\/a>El C\u00edrculo de Bellas Artes organiz\u00f3 anualmente un Sal\u00f3n de Exposiciones y en 1910 program\u00f3 el envi\u00f3 de representantes de Uruguay a la Exposici\u00f3n Internacional del Centenario Argentino, donde obtuvieron premios Carlos Mar\u00eda Herrera y Pedro Blanes Viale. Participaron adem\u00e1s Carmelo de Arzadun, Milo Beretta, Carlos Alberto Castellanos, Jos\u00e9 C\u00faneo, Antonio Curci, Roberto Castellanos, Guillermo de Pro, Carlos de Santiago, Miguel Rienzi y Juan Carlos Oliva Navarro.<\/p>\n<p>En aquellos a\u00f1os el C\u00edrculo tambi\u00e9n organiza la primera muestra internacional que se realizaba en el pa\u00eds y que tuvo por sede el Pabell\u00f3n de Higiene del Parque Rod\u00f3, celebrada en los meses de enero y febrero de 1910.<\/p>\n<p>La trascendencia de aquel acto dio nacimiento a la preocupaci\u00f3n del Estado por colaborar econ\u00f3micamente con la obra del C\u00edrculo y es as\u00ed que 1912 se le subvenciona con una partida mensual de 500 pesos.<\/p>\n<p style=\"text-align: justify;\">Esta suma permiti\u00f3 agregar a los cursos de dibujo y pintura, los de anatom\u00eda art\u00edstica dictados por el Dr. Miguel Becerro de Bengoa, el curso de perspectiva a cargo del dibujante y caricaturista Hermenegildo Sabat y el de arte decorativo dictado por el italiano Arturo Marchetti. Juan Zorrilla de San Mart\u00edn dictaba el curso de Historia y Est\u00e9tica.<\/p>\n<p>En 1915 esa partida fue reducida a la mitad, lo que trajo como consecuencia la supresi\u00f3n de los cursos de anatom\u00eda art\u00edstica, arte decorativo y dibujo lineal.<\/p>\n<p><strong>Fuente<\/strong>:<br \/>\nPresencia del Arte Pl\u00e1stico en el Uruguay de Walther E. Laroche<br \/>\nApartado de la Obra Pl\u00e1sticos Uruguayos, Publicaci\u00f3n Oficial de la Biblioteca del Poder Legislativo<br \/>\nA\u00f1o 1975, Montevideo<\/p>\n<p>&nbsp;<\/p>\n","protected":false},"excerpt":{"rendered":"<p>El C\u00edrculo de Bellas Artes organiz\u00f3 anualmente un Sal\u00f3n de Exposiciones y en 1910 program\u00f3 el envi\u00f3 de representantes de Uruguay a la Exposici\u00f3n Internacional del Centenario Argentino, donde obtuvieron premios Carlos Mar\u00eda Herrera y Pedro Blanes Viale. Participaron adem\u00e1s Carmelo de Arzadun, Milo Beretta, Carlos Alberto Castellanos, Jos\u00e9 C\u00faneo, Antonio Curci, Roberto Castellanos, Guillermo [&hellip;]<\/p>\n","protected":false},"author":2,"featured_media":0,"comment_status":"closed","ping_status":"closed","sticky":false,"template":"","format":"standard","meta":{"_jetpack_memberships_contains_paid_content":false,"footnotes":""},"categories":[1],"tags":[],"class_list":["post-85","post","type-post","status-publish","format-standard","hentry","category-general"],"jetpack_featured_media_url":"","jetpack_sharing_enabled":true,"_links":{"self":[{"href":"https:\/\/www.circulobellasartes.org.uy\/site\/wp-json\/wp\/v2\/posts\/85","targetHints":{"allow":["GET"]}}],"collection":[{"href":"https:\/\/www.circulobellasartes.org.uy\/site\/wp-json\/wp\/v2\/posts"}],"about":[{"href":"https:\/\/www.circulobellasartes.org.uy\/site\/wp-json\/wp\/v2\/types\/post"}],"author":[{"embeddable":true,"href":"https:\/\/www.circulobellasartes.org.uy\/site\/wp-json\/wp\/v2\/users\/2"}],"replies":[{"embeddable":true,"href":"https:\/\/www.circulobellasartes.org.uy\/site\/wp-json\/wp\/v2\/comments?post=85"}],"version-history":[{"count":1,"href":"https:\/\/www.circulobellasartes.org.uy\/site\/wp-json\/wp\/v2\/posts\/85\/revisions"}],"predecessor-version":[{"id":86,"href":"https:\/\/www.circulobellasartes.org.uy\/site\/wp-json\/wp\/v2\/posts\/85\/revisions\/86"}],"wp:attachment":[{"href":"https:\/\/www.circulobellasartes.org.uy\/site\/wp-json\/wp\/v2\/media?parent=85"}],"wp:term":[{"taxonomy":"category","embeddable":true,"href":"https:\/\/www.circulobellasartes.org.uy\/site\/wp-json\/wp\/v2\/categories?post=85"},{"taxonomy":"post_tag","embeddable":true,"href":"https:\/\/www.circulobellasartes.org.uy\/site\/wp-json\/wp\/v2\/tags?post=85"}],"curies":[{"name":"wp","href":"https:\/\/api.w.org\/{rel}","templated":true}]}}