{"id":234,"date":"2012-11-21T19:05:01","date_gmt":"2012-11-21T21:05:01","guid":{"rendered":"http:\/\/www.circulobellasartes.org.uy\/site\/?p=234"},"modified":"2012-11-21T19:05:58","modified_gmt":"2012-11-21T21:05:58","slug":"conferencia-anton-hanack","status":"publish","type":"post","link":"https:\/\/www.circulobellasartes.org.uy\/site\/conferencia-anton-hanack\/","title":{"rendered":"Conferencia: Anton Hanak"},"content":{"rendered":"<p><a href=\"http:\/\/www.circulobellasartes.org.uy\/site\/conferencia-anton-hanack\/muestra\/\" rel=\"attachment wp-att-235\"><img loading=\"lazy\" decoding=\"async\" class=\"aligncenter size-full wp-image-235\" src=\"http:\/\/www.circulobellasartes.org.uy\/site\/wp-content\/uploads\/2012\/11\/muestra.jpg\" alt=\"\" width=\"440\" height=\"330\" srcset=\"https:\/\/www.circulobellasartes.org.uy\/site\/wp-content\/uploads\/2012\/11\/muestra.jpg 440w, https:\/\/www.circulobellasartes.org.uy\/site\/wp-content\/uploads\/2012\/11\/muestra-300x224.jpg 300w\" sizes=\"auto, (max-width: 440px) 100vw, 440px\" \/><\/a><\/p>\n<p>El Museo Nacional de Artes Visuales y el C\u00edrculo de Bellas Artes tienen el agrado de invitar a Ud\/s. a la conferencia sobre: \u201c<em>Las ense\u00f1anzas del escultor Anton Hanak en las clases y en la obra de Severino Pose y Antonio Pena<\/em>\u201d que estar\u00e1 cargo del Prof. Ram\u00f3n Cuadra.<\/p>\n<p>Esta charla tendr\u00e1 lugar el pr\u00f3ximo 28 de noviembre a las 18.30 hrs. en el Museo Nacional de Artes Visuales del Parque Rod\u00f3\u00a0 ubicado en la calle Tom\u00e1s Giribaldi 2283 esq. Julio Herrera y Reissig.<\/p>\n<p>La entrada ser\u00e1 libre.<\/p>\n<p>&nbsp;<\/p>\n","protected":false},"excerpt":{"rendered":"<p>El Museo Nacional de Artes Visuales y el C\u00edrculo de Bellas Artes tienen el agrado de invitar a Ud\/s. a la conferencia sobre: \u201cLas ense\u00f1anzas del escultor Anton Hanak en las clases y en la obra de Severino Pose y Antonio Pena\u201d que estar\u00e1 cargo del Prof. Ram\u00f3n Cuadra. Esta charla tendr\u00e1 lugar el pr\u00f3ximo [&hellip;]<\/p>\n","protected":false},"author":3,"featured_media":0,"comment_status":"closed","ping_status":"closed","sticky":false,"template":"","format":"standard","meta":{"_jetpack_memberships_contains_paid_content":false,"footnotes":""},"categories":[3,1],"tags":[],"class_list":["post-234","post","type-post","status-publish","format-standard","hentry","category-conferencias","category-general"],"jetpack_featured_media_url":"","jetpack_sharing_enabled":true,"_links":{"self":[{"href":"https:\/\/www.circulobellasartes.org.uy\/site\/wp-json\/wp\/v2\/posts\/234","targetHints":{"allow":["GET"]}}],"collection":[{"href":"https:\/\/www.circulobellasartes.org.uy\/site\/wp-json\/wp\/v2\/posts"}],"about":[{"href":"https:\/\/www.circulobellasartes.org.uy\/site\/wp-json\/wp\/v2\/types\/post"}],"author":[{"embeddable":true,"href":"https:\/\/www.circulobellasartes.org.uy\/site\/wp-json\/wp\/v2\/users\/3"}],"replies":[{"embeddable":true,"href":"https:\/\/www.circulobellasartes.org.uy\/site\/wp-json\/wp\/v2\/comments?post=234"}],"version-history":[{"count":3,"href":"https:\/\/www.circulobellasartes.org.uy\/site\/wp-json\/wp\/v2\/posts\/234\/revisions"}],"predecessor-version":[{"id":238,"href":"https:\/\/www.circulobellasartes.org.uy\/site\/wp-json\/wp\/v2\/posts\/234\/revisions\/238"}],"wp:attachment":[{"href":"https:\/\/www.circulobellasartes.org.uy\/site\/wp-json\/wp\/v2\/media?parent=234"}],"wp:term":[{"taxonomy":"category","embeddable":true,"href":"https:\/\/www.circulobellasartes.org.uy\/site\/wp-json\/wp\/v2\/categories?post=234"},{"taxonomy":"post_tag","embeddable":true,"href":"https:\/\/www.circulobellasartes.org.uy\/site\/wp-json\/wp\/v2\/tags?post=234"}],"curies":[{"name":"wp","href":"https:\/\/api.w.org\/{rel}","templated":true}]}}