{"id":208,"date":"2012-11-06T18:35:14","date_gmt":"2012-11-06T20:35:14","guid":{"rendered":"http:\/\/www.circulobellasartes.org.uy\/site\/?p=208"},"modified":"2012-11-06T18:35:14","modified_gmt":"2012-11-06T20:35:14","slug":"el-fin-de-las-galerias-en-el-uruguay","status":"publish","type":"post","link":"https:\/\/www.circulobellasartes.org.uy\/site\/el-fin-de-las-galerias-en-el-uruguay\/","title":{"rendered":"El &#8220;fin&#8221; de las galer\u00edas en el Uruguay"},"content":{"rendered":"<p>El Museo Nacional de Artes Visuales, Galer\u00eda Latina y el C\u00edrculo de Bellas Artes tienen el agrado de invitar a la conferencia sobre: <em>El &#8220;fin&#8221; de las galer\u00edas en el Uruguay<\/em> que estar\u00e1 a cargo del Director de Galer\u00eda Latina Sr. Pablo Marks y tendr\u00e1 lugar el pr\u00f3ximo 13 de Noviembre a las 18 hrs. en el Museo Nacional de Artes Visuales del Parque Rod\u00f3.<\/p>\n<p>Se entregar\u00e1n libros de arte editados por la Galer\u00eda Latina entre los concurrentes.<\/p>\n<p>Entrada Libre.<\/p>\n<p>&nbsp;<\/p>\n","protected":false},"excerpt":{"rendered":"<p>El Museo Nacional de Artes Visuales, Galer\u00eda Latina y el C\u00edrculo de Bellas Artes tienen el agrado de invitar a la conferencia sobre: El &#8220;fin&#8221; de las galer\u00edas en el Uruguay que estar\u00e1 a cargo del Director de Galer\u00eda Latina Sr. Pablo Marks y tendr\u00e1 lugar el pr\u00f3ximo 13 de Noviembre a las 18 hrs. [&hellip;]<\/p>\n","protected":false},"author":3,"featured_media":0,"comment_status":"closed","ping_status":"closed","sticky":false,"template":"","format":"standard","meta":{"_jetpack_memberships_contains_paid_content":false,"footnotes":""},"categories":[3],"tags":[],"class_list":["post-208","post","type-post","status-publish","format-standard","hentry","category-conferencias"],"jetpack_featured_media_url":"","jetpack_sharing_enabled":true,"_links":{"self":[{"href":"https:\/\/www.circulobellasartes.org.uy\/site\/wp-json\/wp\/v2\/posts\/208","targetHints":{"allow":["GET"]}}],"collection":[{"href":"https:\/\/www.circulobellasartes.org.uy\/site\/wp-json\/wp\/v2\/posts"}],"about":[{"href":"https:\/\/www.circulobellasartes.org.uy\/site\/wp-json\/wp\/v2\/types\/post"}],"author":[{"embeddable":true,"href":"https:\/\/www.circulobellasartes.org.uy\/site\/wp-json\/wp\/v2\/users\/3"}],"replies":[{"embeddable":true,"href":"https:\/\/www.circulobellasartes.org.uy\/site\/wp-json\/wp\/v2\/comments?post=208"}],"version-history":[{"count":2,"href":"https:\/\/www.circulobellasartes.org.uy\/site\/wp-json\/wp\/v2\/posts\/208\/revisions"}],"predecessor-version":[{"id":210,"href":"https:\/\/www.circulobellasartes.org.uy\/site\/wp-json\/wp\/v2\/posts\/208\/revisions\/210"}],"wp:attachment":[{"href":"https:\/\/www.circulobellasartes.org.uy\/site\/wp-json\/wp\/v2\/media?parent=208"}],"wp:term":[{"taxonomy":"category","embeddable":true,"href":"https:\/\/www.circulobellasartes.org.uy\/site\/wp-json\/wp\/v2\/categories?post=208"},{"taxonomy":"post_tag","embeddable":true,"href":"https:\/\/www.circulobellasartes.org.uy\/site\/wp-json\/wp\/v2\/tags?post=208"}],"curies":[{"name":"wp","href":"https:\/\/api.w.org\/{rel}","templated":true}]}}